{"id":10121,"date":"2026-08-31T11:47:37","date_gmt":"2026-08-31T09:47:37","guid":{"rendered":"https:\/\/www.acnc35.com\/equipe\/?p=10121"},"modified":"2026-08-31T11:49:51","modified_gmt":"2026-08-31T09:49:51","slug":"boucle-deloyon-ewen-gaillard-1er","status":"publish","type":"post","link":"https:\/\/www.acnc35.com\/equipe\/index.php\/2026\/08\/31\/boucle-deloyon-ewen-gaillard-1er\/","title":{"rendered":"Boucle de L&#8217;OYON  Ewen GAILLARD 1er"},"content":{"rendered":"<div id=\"pl-10121\"  class=\"panel-layout\" ><div id=\"pg-10121-0\"  class=\"panel-grid panel-no-style\" ><div id=\"pgc-10121-0-0\"  class=\"panel-grid-cell\" ><div id=\"panel-10121-0-0-0\" class=\"so-panel widget widget_sow-editor panel-first-child panel-last-child\" data-index=\"0\" ><div\n\t\t\t\n\t\t\tclass=\"so-widget-sow-editor so-widget-sow-editor-base\"\n\t\t\t\n\t\t>\n<div class=\"siteorigin-widget-tinymce textwidget\">\n\t<p><a href=\"https:\/\/www.acnc35.com\/equipe\/wp-content\/uploads\/2026\/08\/IMG_9820.webp\"><img loading=\"lazy\" decoding=\"async\" class=\"size-medium wp-image-10123 alignleft\" src=\"https:\/\/www.acnc35.com\/equipe\/wp-content\/uploads\/2026\/08\/IMG_9820-300x225.webp\" alt=\"\" width=\"300\" height=\"225\" srcset=\"https:\/\/www.acnc35.com\/equipe\/wp-content\/uploads\/2026\/08\/IMG_9820-300x225.webp 300w, https:\/\/www.acnc35.com\/equipe\/wp-content\/uploads\/2026\/08\/IMG_9820-768x576.webp 768w, https:\/\/www.acnc35.com\/equipe\/wp-content\/uploads\/2026\/08\/IMG_9820.webp 800w\" sizes=\"auto, (max-width: 300px) 85vw, 300px\" \/><\/a>C'est pas moins de 8 coureurs de l'ACNC qui \u00e9tait engag\u00e9s aux <strong data-start=\"43\" data-end=\"69\">Boucles de l\u2019Oyon 2026<\/strong> \u00e0 La Telhaie-en-Guer en open 1-2-3. Ewen Gaillard a remport\u00e9 l'\u00e9preuve d'un boyau&nbsp; en Open 1 au lendemain de sa participation au grand prix de Plouay.<\/p>\n<p class=\"isSelectedEnd\">Une belle performance pour le coureur de l\u2019AC Noyal-Ch\u00e2tillon Formation, qui d\u00e9croche une belle victoire au terme des 118,4 km de course.<\/p>\n<p class=\"isSelectedEnd\">Une victoire qui vient r\u00e9compenser son investissement et sa r\u00e9gularit\u00e9 tout au long de la saison. D\u2019autant plus qu\u2019elle a \u00e9t\u00e9 obtenue \u00e0 la suite de l\u2019impulsion d\u2019un ancien de la maison, <strong>Florian Auberger<\/strong>, junior en 2005 et membre du club pendant cinq ans, qui termine lui-m\u00eame \u00e0 une tr\u00e8s belle 3e place.<\/p>\n<p>Une belle histoire entre g\u00e9n\u00e9rations, et un clin d\u2019\u0153il aux anciens du club qui se souviendront certainement de Florian !<\/p>\n<p>Le classement des coureurs l'AC Noyal-Ch\u00e2tillon Formation :<\/p>\n<p>1er \u2013 Ewen GAILLARD<br \/>\n24e \u2013 Lucas QUELLEUC<br \/>\n30e \u2013 Dorian MINIER<br \/>\n74e \u2013 Ange BEAUCE<br \/>\n83e \u2013 Antoine LEBRETON<\/p>\n<\/div>\n<\/div><\/div><\/div><\/div><div id=\"pg-10121-1\"  class=\"panel-grid panel-no-style\" ><div id=\"pgc-10121-1-0\"  class=\"panel-grid-cell\" ><div id=\"panel-10121-1-0-0\" class=\"so-panel widget widget_media_video panel-first-child panel-last-child\" data-index=\"1\" ><h3 class=\"widget-title\">Interview EWEN<\/h3><div style=\"width:100%;\" class=\"wp-video\"><video class=\"wp-video-shortcode\" id=\"video-10121-1\" preload=\"metadata\" controls=\"controls\"><source type=\"video\/mp4\" src=\"https:\/\/www.acnc35.com\/equipe\/wp-content\/uploads\/2026\/08\/IMG_9799.mp4?_=1\" \/><source type=\"video\/mp4\" src=\"https:\/\/www.acnc35.com\/equipe\/wp-content\/uploads\/2026\/08\/IMG_9799.mp4?_=1\" \/><a href=\"https:\/\/www.acnc35.com\/equipe\/wp-content\/uploads\/2026\/08\/IMG_9799.mp4\">https:\/\/www.acnc35.com\/equipe\/wp-content\/uploads\/2026\/08\/IMG_9799.mp4<\/a><\/video><\/div><\/div><\/div><div id=\"pgc-10121-1-1\"  class=\"panel-grid-cell\" ><div id=\"panel-10121-1-1-0\" class=\"so-panel widget widget_sow-image panel-first-child panel-last-child\" data-index=\"2\" ><div\n\t\t\t\n\t\t\tclass=\"so-widget-sow-image so-widget-sow-image-default-8b5b6f678277-10121\"\n\t\t\t\n\t\t>\n<div class=\"sow-image-container\">\n\t\t<img \n\tsrc=\"https:\/\/www.acnc35.com\/equipe\/wp-content\/uploads\/2026\/08\/1000117011.jpg\" width=\"1200\" height=\"1711\" srcset=\"https:\/\/www.acnc35.com\/equipe\/wp-content\/uploads\/2026\/08\/1000117011.jpg 1200w, https:\/\/www.acnc35.com\/equipe\/wp-content\/uploads\/2026\/08\/1000117011-210x300.jpg 210w, https:\/\/www.acnc35.com\/equipe\/wp-content\/uploads\/2026\/08\/1000117011-718x1024.jpg 718w, https:\/\/www.acnc35.com\/equipe\/wp-content\/uploads\/2026\/08\/1000117011-768x1095.jpg 768w, https:\/\/www.acnc35.com\/equipe\/wp-content\/uploads\/2026\/08\/1000117011-1077x1536.jpg 1077w\" sizes=\"(max-width: 709px) 85vw, (max-width: 909px) 67vw, (max-width: 1362px) 62vw, 840px\" title=\"OF  du jour\" alt=\"\" \t\tclass=\"so-widget-image\"\/>\n\t<\/div>\n\n<\/div><\/div><\/div><\/div><div id=\"pg-10121-2\"  class=\"panel-grid panel-no-style\" ><div id=\"pgc-10121-2-0\"  class=\"panel-grid-cell\" ><div id=\"panel-10121-2-0-0\" class=\"so-panel widget widget_sow-editor panel-first-child panel-last-child\" data-index=\"3\" ><div\n\t\t\t\n\t\t\tclass=\"so-widget-sow-editor so-widget-sow-editor-base\"\n\t\t\t\n\t\t><h3 class=\"widget-title\">Grand prix de Plouay U19<\/h3>\n<div class=\"siteorigin-widget-tinymce textwidget\">\n\t<p class=\"isSelectedEnd\"><a href=\"https:\/\/www.acnc35.com\/equipe\/wp-content\/uploads\/2026\/08\/plouay.webp\"><img loading=\"lazy\" decoding=\"async\" class=\"size-medium wp-image-10128 alignleft\" src=\"https:\/\/www.acnc35.com\/equipe\/wp-content\/uploads\/2026\/08\/plouay-181x300.webp\" alt=\"\" width=\"181\" height=\"300\" srcset=\"https:\/\/www.acnc35.com\/equipe\/wp-content\/uploads\/2026\/08\/plouay-181x300.webp 181w, https:\/\/www.acnc35.com\/equipe\/wp-content\/uploads\/2026\/08\/plouay-618x1024.webp 618w, https:\/\/www.acnc35.com\/equipe\/wp-content\/uploads\/2026\/08\/plouay.webp 702w\" sizes=\"auto, (max-width: 181px) 85vw, 181px\" \/><\/a>Les coureurs de l\u2019AC Noyal-Ch\u00e2tillon Formation \u00e9taient pr\u00e9sents \u00e0 Plouay pour le Grand Prix de Plouay U19.<\/p>\n<p class=\"isSelectedEnd\">Une course exigeante qui a permis \u00e0 nos coureurs de se mesurer \u00e0 un peloton relev\u00e9. <strong>Dorian Minier prend la 32e place<\/strong>, devant <strong>Ewen Gaillard, 41e<\/strong>. <strong>Noah Chapdelaine termine 57e<\/strong>, tandis que <strong>Marius Travers se classe 74e<\/strong>.<\/p>\n<p>Une nouvelle exp\u00e9rience pour les juniors de l\u2019ACNC, qui continuent leur apprentissage et accumulent les kilom\u00e8tres et l\u2019exp\u00e9rience au fil des \u00e9preuves.<\/p>\n<p>&nbsp;<\/p>\n<\/div>\n<\/div><\/div><\/div><\/div><\/div>","protected":false},"excerpt":{"rendered":"<p>C&#8217;est pas moins de 8 coureurs de l&#8217;ACNC qui \u00e9tait engag\u00e9s aux Boucles de l\u2019Oyon 2026 \u00e0 La Telhaie-en-Guer en open 1-2-3. Ewen Gaillard a remport\u00e9 l&#8217;\u00e9preuve d&#8217;un boyau&nbsp; en Open 1 au lendemain de sa participation au grand prix de Plouay. Une belle performance pour le coureur de l\u2019AC Noyal-Ch\u00e2tillon Formation, qui d\u00e9croche une &hellip; <a href=\"https:\/\/www.acnc35.com\/equipe\/index.php\/2026\/08\/31\/boucle-deloyon-ewen-gaillard-1er\/\" class=\"more-link\">Continuer la lecture<span class=\"screen-reader-text\"> de &laquo;&nbsp;Boucle de L&#8217;OYON  Ewen GAILLARD 1er&nbsp;&raquo;<\/span><\/a><\/p>\n","protected":false},"author":4,"featured_media":10122,"comment_status":"closed","ping_status":"open","sticky":false,"template":"","format":"standard","meta":{"ngg_post_thumbnail":0,"footnotes":""},"categories":[35,34,17],"tags":[],"class_list":["post-10121","post","type-post","status-publish","format-standard","has-post-thumbnail","hentry","category-actualites","category-equipe","category-resultats"],"yoast_head":"<!-- This site is optimized with the Yoast SEO plugin v27.5 - https:\/\/yoast.com\/product\/yoast-seo-wordpress\/ -->\n<title>Boucle de L&#039;OYON Ewen GAILLARD 1er - ACNC<\/title>\n<meta name=\"description\" content=\"ACNC Actualit\u00e9s\" \/>\n<meta name=\"robots\" content=\"index, follow, max-snippet:-1, max-image-preview:large, max-video-preview:-1\" \/>\n<link rel=\"canonical\" href=\"https:\/\/www.acnc35.com\/equipe\/index.php\/2026\/08\/31\/boucle-deloyon-ewen-gaillard-1er\/\" \/>\n<meta property=\"og:locale\" content=\"fr_FR\" \/>\n<meta property=\"og:type\" content=\"article\" \/>\n<meta property=\"og:title\" content=\"Boucle de L&#039;OYON Ewen GAILLARD 1er - ACNC\" \/>\n<meta property=\"og:description\" content=\"ACNC Actualit\u00e9s\" \/>\n<meta property=\"og:url\" content=\"https:\/\/www.acnc35.com\/equipe\/index.php\/2026\/08\/31\/boucle-deloyon-ewen-gaillard-1er\/\" \/>\n<meta property=\"og:site_name\" content=\"ACNC\" \/>\n<meta property=\"article:published_time\" content=\"2026-08-31T09:47:37+00:00\" \/>\n<meta property=\"article:modified_time\" content=\"2026-08-31T09:49:51+00:00\" \/>\n<meta property=\"og:image\" content=\"https:\/\/www.acnc35.com\/equipe\/wp-content\/uploads\/2026\/08\/30aout-e1788112480813.webp\" \/>\n\t<meta property=\"og:image:width\" content=\"800\" \/>\n\t<meta property=\"og:image:height\" content=\"600\" \/>\n\t<meta property=\"og:image:type\" content=\"image\/webp\" \/>\n<meta name=\"author\" content=\"webmaster\" \/>\n<meta name=\"twitter:card\" content=\"summary_large_image\" \/>\n<meta name=\"twitter:label1\" content=\"\u00c9crit par\" \/>\n\t<meta name=\"twitter:data1\" content=\"webmaster\" \/>\n\t<meta name=\"twitter:label2\" content=\"Dur\u00e9e de lecture estim\u00e9e\" \/>\n\t<meta name=\"twitter:data2\" content=\"3 minutes\" \/>\n<script type=\"application\/ld+json\" class=\"yoast-schema-graph\">{\"@context\":\"https:\\\/\\\/schema.org\",\"@graph\":[{\"@type\":[\"Article\",\"BlogPosting\"],\"@id\":\"https:\\\/\\\/www.acnc35.com\\\/equipe\\\/index.php\\\/2026\\\/08\\\/31\\\/boucle-deloyon-ewen-gaillard-1er\\\/#article\",\"isPartOf\":{\"@id\":\"https:\\\/\\\/www.acnc35.com\\\/equipe\\\/index.php\\\/2026\\\/08\\\/31\\\/boucle-deloyon-ewen-gaillard-1er\\\/\"},\"author\":{\"name\":\"webmaster\",\"@id\":\"https:\\\/\\\/www.acnc35.com\\\/equipe\\\/#\\\/schema\\\/person\\\/eead738b050585a8918916cdf4972f1c\"},\"headline\":\"Boucle de L&#8217;OYON Ewen GAILLARD 1er\",\"datePublished\":\"2026-08-31T09:47:37+00:00\",\"dateModified\":\"2026-08-31T09:49:51+00:00\",\"mainEntityOfPage\":{\"@id\":\"https:\\\/\\\/www.acnc35.com\\\/equipe\\\/index.php\\\/2026\\\/08\\\/31\\\/boucle-deloyon-ewen-gaillard-1er\\\/\"},\"wordCount\":286,\"publisher\":{\"@id\":\"https:\\\/\\\/www.acnc35.com\\\/equipe\\\/#organization\"},\"image\":{\"@id\":\"https:\\\/\\\/www.acnc35.com\\\/equipe\\\/index.php\\\/2026\\\/08\\\/31\\\/boucle-deloyon-ewen-gaillard-1er\\\/#primaryimage\"},\"thumbnailUrl\":\"https:\\\/\\\/www.acnc35.com\\\/equipe\\\/wp-content\\\/uploads\\\/2026\\\/08\\\/30aout-e1788112480813.webp\",\"articleSection\":[\"Actualit\u00e9s\",\"\u00e9quipe\",\"r\u00e9sultats\"],\"inLanguage\":\"fr-FR\"},{\"@type\":\"WebPage\",\"@id\":\"https:\\\/\\\/www.acnc35.com\\\/equipe\\\/index.php\\\/2026\\\/08\\\/31\\\/boucle-deloyon-ewen-gaillard-1er\\\/\",\"url\":\"https:\\\/\\\/www.acnc35.com\\\/equipe\\\/index.php\\\/2026\\\/08\\\/31\\\/boucle-deloyon-ewen-gaillard-1er\\\/\",\"name\":\"Boucle de L'OYON Ewen GAILLARD 1er - ACNC\",\"isPartOf\":{\"@id\":\"https:\\\/\\\/www.acnc35.com\\\/equipe\\\/#website\"},\"primaryImageOfPage\":{\"@id\":\"https:\\\/\\\/www.acnc35.com\\\/equipe\\\/index.php\\\/2026\\\/08\\\/31\\\/boucle-deloyon-ewen-gaillard-1er\\\/#primaryimage\"},\"image\":{\"@id\":\"https:\\\/\\\/www.acnc35.com\\\/equipe\\\/index.php\\\/2026\\\/08\\\/31\\\/boucle-deloyon-ewen-gaillard-1er\\\/#primaryimage\"},\"thumbnailUrl\":\"https:\\\/\\\/www.acnc35.com\\\/equipe\\\/wp-content\\\/uploads\\\/2026\\\/08\\\/30aout-e1788112480813.webp\",\"datePublished\":\"2026-08-31T09:47:37+00:00\",\"dateModified\":\"2026-08-31T09:49:51+00:00\",\"description\":\"ACNC Actualit\u00e9s\",\"breadcrumb\":{\"@id\":\"https:\\\/\\\/www.acnc35.com\\\/equipe\\\/index.php\\\/2026\\\/08\\\/31\\\/boucle-deloyon-ewen-gaillard-1er\\\/#breadcrumb\"},\"inLanguage\":\"fr-FR\",\"potentialAction\":[{\"@type\":\"ReadAction\",\"target\":[\"https:\\\/\\\/www.acnc35.com\\\/equipe\\\/index.php\\\/2026\\\/08\\\/31\\\/boucle-deloyon-ewen-gaillard-1er\\\/\"]}]},{\"@type\":\"ImageObject\",\"inLanguage\":\"fr-FR\",\"@id\":\"https:\\\/\\\/www.acnc35.com\\\/equipe\\\/index.php\\\/2026\\\/08\\\/31\\\/boucle-deloyon-ewen-gaillard-1er\\\/#primaryimage\",\"url\":\"https:\\\/\\\/www.acnc35.com\\\/equipe\\\/wp-content\\\/uploads\\\/2026\\\/08\\\/30aout-e1788112480813.webp\",\"contentUrl\":\"https:\\\/\\\/www.acnc35.com\\\/equipe\\\/wp-content\\\/uploads\\\/2026\\\/08\\\/30aout-e1788112480813.webp\",\"width\":800,\"height\":600},{\"@type\":\"BreadcrumbList\",\"@id\":\"https:\\\/\\\/www.acnc35.com\\\/equipe\\\/index.php\\\/2026\\\/08\\\/31\\\/boucle-deloyon-ewen-gaillard-1er\\\/#breadcrumb\",\"itemListElement\":[{\"@type\":\"ListItem\",\"position\":1,\"name\":\"Accueil\",\"item\":\"https:\\\/\\\/www.acnc35.com\\\/equipe\\\/\"},{\"@type\":\"ListItem\",\"position\":2,\"name\":\"Boucle de L&#8217;OYON Ewen GAILLARD 1er\"}]},{\"@type\":\"WebSite\",\"@id\":\"https:\\\/\\\/www.acnc35.com\\\/equipe\\\/#website\",\"url\":\"https:\\\/\\\/www.acnc35.com\\\/equipe\\\/\",\"name\":\"ACNC\",\"description\":\"ACNC Formation\",\"publisher\":{\"@id\":\"https:\\\/\\\/www.acnc35.com\\\/equipe\\\/#organization\"},\"potentialAction\":[{\"@type\":\"SearchAction\",\"target\":{\"@type\":\"EntryPoint\",\"urlTemplate\":\"https:\\\/\\\/www.acnc35.com\\\/equipe\\\/?s={search_term_string}\"},\"query-input\":{\"@type\":\"PropertyValueSpecification\",\"valueRequired\":true,\"valueName\":\"search_term_string\"}}],\"inLanguage\":\"fr-FR\"},{\"@type\":\"Organization\",\"@id\":\"https:\\\/\\\/www.acnc35.com\\\/equipe\\\/#organization\",\"name\":\"ACNC\",\"url\":\"https:\\\/\\\/www.acnc35.com\\\/equipe\\\/\",\"logo\":{\"@type\":\"ImageObject\",\"inLanguage\":\"fr-FR\",\"@id\":\"https:\\\/\\\/www.acnc35.com\\\/equipe\\\/#\\\/schema\\\/logo\\\/image\\\/\",\"url\":\"https:\\\/\\\/www.acnc35.com\\\/equipe\\\/wp-content\\\/uploads\\\/2023\\\/12\\\/cropped-cropped-ACNC-logo-2024_tr-1.png\",\"contentUrl\":\"https:\\\/\\\/www.acnc35.com\\\/equipe\\\/wp-content\\\/uploads\\\/2023\\\/12\\\/cropped-cropped-ACNC-logo-2024_tr-1.png\",\"width\":240,\"height\":240,\"caption\":\"ACNC\"},\"image\":{\"@id\":\"https:\\\/\\\/www.acnc35.com\\\/equipe\\\/#\\\/schema\\\/logo\\\/image\\\/\"}},{\"@type\":\"Person\",\"@id\":\"https:\\\/\\\/www.acnc35.com\\\/equipe\\\/#\\\/schema\\\/person\\\/eead738b050585a8918916cdf4972f1c\",\"name\":\"webmaster\",\"image\":{\"@type\":\"ImageObject\",\"inLanguage\":\"fr-FR\",\"@id\":\"https:\\\/\\\/secure.gravatar.com\\\/avatar\\\/a7701708cc960b43e0b1c492d434904765779f8750ea0b9e40b80e6afdecb951?s=96&d=mm&r=g\",\"url\":\"https:\\\/\\\/secure.gravatar.com\\\/avatar\\\/a7701708cc960b43e0b1c492d434904765779f8750ea0b9e40b80e6afdecb951?s=96&d=mm&r=g\",\"contentUrl\":\"https:\\\/\\\/secure.gravatar.com\\\/avatar\\\/a7701708cc960b43e0b1c492d434904765779f8750ea0b9e40b80e6afdecb951?s=96&d=mm&r=g\",\"caption\":\"webmaster\"},\"url\":\"https:\\\/\\\/www.acnc35.com\\\/equipe\\\/index.php\\\/author\\\/webmaster\\\/\"}]}<\/script>\n<!-- \/ Yoast SEO plugin. -->","yoast_head_json":{"title":"Boucle de L'OYON Ewen GAILLARD 1er - ACNC","description":"ACNC Actualit\u00e9s","robots":{"index":"index","follow":"follow","max-snippet":"max-snippet:-1","max-image-preview":"max-image-preview:large","max-video-preview":"max-video-preview:-1"},"canonical":"https:\/\/www.acnc35.com\/equipe\/index.php\/2026\/08\/31\/boucle-deloyon-ewen-gaillard-1er\/","og_locale":"fr_FR","og_type":"article","og_title":"Boucle de L'OYON Ewen GAILLARD 1er - ACNC","og_description":"ACNC Actualit\u00e9s","og_url":"https:\/\/www.acnc35.com\/equipe\/index.php\/2026\/08\/31\/boucle-deloyon-ewen-gaillard-1er\/","og_site_name":"ACNC","article_published_time":"2026-08-31T09:47:37+00:00","article_modified_time":"2026-08-31T09:49:51+00:00","og_image":[{"width":800,"height":600,"url":"https:\/\/www.acnc35.com\/equipe\/wp-content\/uploads\/2026\/08\/30aout-e1788112480813.webp","type":"image\/webp"}],"author":"webmaster","twitter_card":"summary_large_image","twitter_misc":{"\u00c9crit par":"webmaster","Dur\u00e9e de lecture estim\u00e9e":"3 minutes"},"schema":{"@context":"https:\/\/schema.org","@graph":[{"@type":["Article","BlogPosting"],"@id":"https:\/\/www.acnc35.com\/equipe\/index.php\/2026\/08\/31\/boucle-deloyon-ewen-gaillard-1er\/#article","isPartOf":{"@id":"https:\/\/www.acnc35.com\/equipe\/index.php\/2026\/08\/31\/boucle-deloyon-ewen-gaillard-1er\/"},"author":{"name":"webmaster","@id":"https:\/\/www.acnc35.com\/equipe\/#\/schema\/person\/eead738b050585a8918916cdf4972f1c"},"headline":"Boucle de L&#8217;OYON Ewen GAILLARD 1er","datePublished":"2026-08-31T09:47:37+00:00","dateModified":"2026-08-31T09:49:51+00:00","mainEntityOfPage":{"@id":"https:\/\/www.acnc35.com\/equipe\/index.php\/2026\/08\/31\/boucle-deloyon-ewen-gaillard-1er\/"},"wordCount":286,"publisher":{"@id":"https:\/\/www.acnc35.com\/equipe\/#organization"},"image":{"@id":"https:\/\/www.acnc35.com\/equipe\/index.php\/2026\/08\/31\/boucle-deloyon-ewen-gaillard-1er\/#primaryimage"},"thumbnailUrl":"https:\/\/www.acnc35.com\/equipe\/wp-content\/uploads\/2026\/08\/30aout-e1788112480813.webp","articleSection":["Actualit\u00e9s","\u00e9quipe","r\u00e9sultats"],"inLanguage":"fr-FR"},{"@type":"WebPage","@id":"https:\/\/www.acnc35.com\/equipe\/index.php\/2026\/08\/31\/boucle-deloyon-ewen-gaillard-1er\/","url":"https:\/\/www.acnc35.com\/equipe\/index.php\/2026\/08\/31\/boucle-deloyon-ewen-gaillard-1er\/","name":"Boucle de L'OYON Ewen GAILLARD 1er - ACNC","isPartOf":{"@id":"https:\/\/www.acnc35.com\/equipe\/#website"},"primaryImageOfPage":{"@id":"https:\/\/www.acnc35.com\/equipe\/index.php\/2026\/08\/31\/boucle-deloyon-ewen-gaillard-1er\/#primaryimage"},"image":{"@id":"https:\/\/www.acnc35.com\/equipe\/index.php\/2026\/08\/31\/boucle-deloyon-ewen-gaillard-1er\/#primaryimage"},"thumbnailUrl":"https:\/\/www.acnc35.com\/equipe\/wp-content\/uploads\/2026\/08\/30aout-e1788112480813.webp","datePublished":"2026-08-31T09:47:37+00:00","dateModified":"2026-08-31T09:49:51+00:00","description":"ACNC Actualit\u00e9s","breadcrumb":{"@id":"https:\/\/www.acnc35.com\/equipe\/index.php\/2026\/08\/31\/boucle-deloyon-ewen-gaillard-1er\/#breadcrumb"},"inLanguage":"fr-FR","potentialAction":[{"@type":"ReadAction","target":["https:\/\/www.acnc35.com\/equipe\/index.php\/2026\/08\/31\/boucle-deloyon-ewen-gaillard-1er\/"]}]},{"@type":"ImageObject","inLanguage":"fr-FR","@id":"https:\/\/www.acnc35.com\/equipe\/index.php\/2026\/08\/31\/boucle-deloyon-ewen-gaillard-1er\/#primaryimage","url":"https:\/\/www.acnc35.com\/equipe\/wp-content\/uploads\/2026\/08\/30aout-e1788112480813.webp","contentUrl":"https:\/\/www.acnc35.com\/equipe\/wp-content\/uploads\/2026\/08\/30aout-e1788112480813.webp","width":800,"height":600},{"@type":"BreadcrumbList","@id":"https:\/\/www.acnc35.com\/equipe\/index.php\/2026\/08\/31\/boucle-deloyon-ewen-gaillard-1er\/#breadcrumb","itemListElement":[{"@type":"ListItem","position":1,"name":"Accueil","item":"https:\/\/www.acnc35.com\/equipe\/"},{"@type":"ListItem","position":2,"name":"Boucle de L&#8217;OYON Ewen GAILLARD 1er"}]},{"@type":"WebSite","@id":"https:\/\/www.acnc35.com\/equipe\/#website","url":"https:\/\/www.acnc35.com\/equipe\/","name":"ACNC","description":"ACNC Formation","publisher":{"@id":"https:\/\/www.acnc35.com\/equipe\/#organization"},"potentialAction":[{"@type":"SearchAction","target":{"@type":"EntryPoint","urlTemplate":"https:\/\/www.acnc35.com\/equipe\/?s={search_term_string}"},"query-input":{"@type":"PropertyValueSpecification","valueRequired":true,"valueName":"search_term_string"}}],"inLanguage":"fr-FR"},{"@type":"Organization","@id":"https:\/\/www.acnc35.com\/equipe\/#organization","name":"ACNC","url":"https:\/\/www.acnc35.com\/equipe\/","logo":{"@type":"ImageObject","inLanguage":"fr-FR","@id":"https:\/\/www.acnc35.com\/equipe\/#\/schema\/logo\/image\/","url":"https:\/\/www.acnc35.com\/equipe\/wp-content\/uploads\/2023\/12\/cropped-cropped-ACNC-logo-2024_tr-1.png","contentUrl":"https:\/\/www.acnc35.com\/equipe\/wp-content\/uploads\/2023\/12\/cropped-cropped-ACNC-logo-2024_tr-1.png","width":240,"height":240,"caption":"ACNC"},"image":{"@id":"https:\/\/www.acnc35.com\/equipe\/#\/schema\/logo\/image\/"}},{"@type":"Person","@id":"https:\/\/www.acnc35.com\/equipe\/#\/schema\/person\/eead738b050585a8918916cdf4972f1c","name":"webmaster","image":{"@type":"ImageObject","inLanguage":"fr-FR","@id":"https:\/\/secure.gravatar.com\/avatar\/a7701708cc960b43e0b1c492d434904765779f8750ea0b9e40b80e6afdecb951?s=96&d=mm&r=g","url":"https:\/\/secure.gravatar.com\/avatar\/a7701708cc960b43e0b1c492d434904765779f8750ea0b9e40b80e6afdecb951?s=96&d=mm&r=g","contentUrl":"https:\/\/secure.gravatar.com\/avatar\/a7701708cc960b43e0b1c492d434904765779f8750ea0b9e40b80e6afdecb951?s=96&d=mm&r=g","caption":"webmaster"},"url":"https:\/\/www.acnc35.com\/equipe\/index.php\/author\/webmaster\/"}]}},"_links":{"self":[{"href":"https:\/\/www.acnc35.com\/equipe\/index.php\/wp-json\/wp\/v2\/posts\/10121","targetHints":{"allow":["GET"]}}],"collection":[{"href":"https:\/\/www.acnc35.com\/equipe\/index.php\/wp-json\/wp\/v2\/posts"}],"about":[{"href":"https:\/\/www.acnc35.com\/equipe\/index.php\/wp-json\/wp\/v2\/types\/post"}],"author":[{"embeddable":true,"href":"https:\/\/www.acnc35.com\/equipe\/index.php\/wp-json\/wp\/v2\/users\/4"}],"replies":[{"embeddable":true,"href":"https:\/\/www.acnc35.com\/equipe\/index.php\/wp-json\/wp\/v2\/comments?post=10121"}],"version-history":[{"count":5,"href":"https:\/\/www.acnc35.com\/equipe\/index.php\/wp-json\/wp\/v2\/posts\/10121\/revisions"}],"predecessor-version":[{"id":10127,"href":"https:\/\/www.acnc35.com\/equipe\/index.php\/wp-json\/wp\/v2\/posts\/10121\/revisions\/10127"}],"wp:featuredmedia":[{"embeddable":true,"href":"https:\/\/www.acnc35.com\/equipe\/index.php\/wp-json\/wp\/v2\/media\/10122"}],"wp:attachment":[{"href":"https:\/\/www.acnc35.com\/equipe\/index.php\/wp-json\/wp\/v2\/media?parent=10121"}],"wp:term":[{"taxonomy":"category","embeddable":true,"href":"https:\/\/www.acnc35.com\/equipe\/index.php\/wp-json\/wp\/v2\/categories?post=10121"},{"taxonomy":"post_tag","embeddable":true,"href":"https:\/\/www.acnc35.com\/equipe\/index.php\/wp-json\/wp\/v2\/tags?post=10121"}],"curies":[{"name":"wp","href":"https:\/\/api.w.org\/{rel}","templated":true}]}}